{"id":90576,"date":"2025-10-02T00:08:37","date_gmt":"2025-10-02T04:08:37","guid":{"rendered":"https:\/\/www.anunciacion.cl\/?p=90576"},"modified":"2025-10-02T00:08:55","modified_gmt":"2025-10-02T04:08:55","slug":"vuelta-2024-utvonal-es-lehetseges-szakaszok","status":"publish","type":"post","link":"https:\/\/www.anunciacion.cl\/?p=90576","title":{"rendered":"Vuelta 2024: \u00datvonal \u00e9s lehets\u00e9ges szakaszok"},"content":{"rendered":"<div id=\"toc\" style=\"background: #f9f9f9;border: 1px solid #aaa;display: table;margin-bottom: 1em;padding: 1em;width: 350px;\">\n<p class=\"toctitle\" style=\"font-weight: 700;text-align: center;\">Bejegyz\u00e9sek<\/p>\n<ul class=\"toc_list\">\n<li><a href=\"#toc-0\">Jobb orsz\u00e1g\u00fati ker\u00e9kp\u00e1rok 2025-ben: Minden sof\u0151rnek egy terepker\u00e9kp\u00e1r<\/a><\/li>\n<li><a href=\"#toc-1\">Fizet\u0151s funkci\u00f3k<\/a><\/li>\n<li><a href=\"#toc-2\">Tizenkettedik f\u00e1zis augusztus 29. Ourense \u2013 Estaci\u00f3n de Manzaneda 137.cuatro kilom\u00e9ter, Mountain Become<\/a><\/li>\n<li><a href=\"#toc-3\">Vuelta 2024: \u00datvonal \u00e9s foksz\u00e1m<\/a><\/li>\n<li><a href=\"#toc-4\">Luanco &gt; Lagos de Covadonga<\/a><\/li>\n<li><a href=\"#toc-5\">Vuelta a nagyszer\u0171 Espa\u00f1a 2024 \u2013 16. szakasz<\/a><\/li>\n<\/ul>\n<\/div>\n<p>Egy hihetetlen\u00fcl gyors napi pr\u00f3ba\u00fat, egy kis, halad\u00f3 emelked\u0151vel (a KOM \u00f3ta nem oszt\u00e1lyozott). Az \u00faj \u00e1llom\u00e1s nagyj\u00e1b\u00f3l visszak\u00f6veti a Knudsen \u00e1ltal ig\u00e9nyelt \u00faj, 1977-es napi pr\u00f3bautat. Egy f\u00e9l k\u00f6rrel kezd\u0151dik a Lucca fal ment\u00e9n (mint az \u00faj, 1984-es prol\u00f3gon), majd a Foro di San Giuliano-n kereszt\u00fcl Pisa fel\u00e9 veszi az ir\u00e1nyt, \u00e9s v\u00e9g\u00fcl a San Giuliano Terme-be \u00e9r. <!--more--> A versenyz\u0151k a Medicean v\u00edzvezet\u00e9ken haladnak tov\u00e1bb, hogy el\u00e9rj\u00e9k az Arno-tavat, v\u00e9g\u00fcl a Piazza dei Miracoli-n bel\u00fcli Bending Tower mellett k\u00f6tnek ki. Nem hossz\u00fa, de a 17. szakasz az egyik legnehezebb h\u00f3napnak \u00edg\u00e9rkezik, egy meger\u0151ltet\u0151 befejez\u00e9ssel az \u00faj Angliru tetej\u00e9n (12,4 km a 9,8%-os szakaszon), amelynek utols\u00f3 szakasza \u00e1tlagosan 24%-os emelked\u0151vel rendelkezik, Cuena les Cabres n\u00e9ven \u2013 az \u00faj kecske\u00fat. Egy mozg\u00f3 kir\u00e1ndul\u00e1s Valencia k\u00f6rny\u00e9k\u00e9r\u0151l, de a magaslati Xorret de Catihoz (3,9 km-re a 11,4%-os szintt\u0151l) a szakaszgy\u0151ztes l\u00e1b\u00e1n\u00e1l \u00e9rdemes felkeresni a m\u00e1sz\u00f3k\u00e1t.<\/p>\n<ul>\n<li>Ak\u00e1r 20 km-re a nap els\u0151 emelked\u0151j\u00e9t\u0151l, az els\u0151 oszt\u00e1ly\u00fa Mirador del Fit\u00f3t\u00f3l.<\/li>\n<li>Az alapvet\u0151 pihen\u0151nap ut\u00e1n az \u00faj versenyz\u0151k visszat\u00e9rnek egy id\u0151bemutat\u00f3ra, ami izgalmas lesz l\u00e1tni.<\/li>\n<li>A leg\u00fajabb szakasz a saj\u00e1t Alto de las Abejas-otok tal\u00e1lkoz\u00e1s\u00e1val \u00e9r v\u00e9get a Yunquer\u00e1ban.<\/li>\n<li>Egy kis orsz\u00e1g, amely nem rendelkezik Olaszorsz\u00e1g legt\u00f6bb szomsz\u00e9dj\u00e1nak \u00faj vagyon\u00e1val, nem rendelkezik a leg\u00fajabb, \u00e1tfog\u00f3 ker\u00e9kp\u00e1ros \u00e9letm\u00f3ddal, de az eg\u00e9sz v\u00e1ros meghozta a maga \u00e1raj\u00e1nlat\u00e1t, \u00e9s elismer\u00e9st kaphat.<\/li>\n<li>A leg\u00fajabb kivezet\u0151 \u00fat Valle d&#39;Aost\u00e1t\u00f3l a Lanzo-v\u00f6lgyek fel\u00e9 a Colle del Lys friss emelked\u0151je, m\u00edg a lelkes el\u0151\u00e9tel a Colle delle Finestre, az \u00faj Cima Coppi, amely 8 km-es, 9%-ban kavicsos szakasz\u00e1val indul.<\/li>\n<\/ul>\n<h2 id=\"toc-0\">Jobb orsz\u00e1g\u00fati ker\u00e9kp\u00e1rok 2025-ben: Minden sof\u0151rnek egy terepker\u00e9kp\u00e1r<\/h2>\n<p>Landa Lecerfet tartja a sz\u00f6k\u00e9sben, te pedig az \u00fcld\u00f6z\u0151id m\u00f6g\u00f6tted. <a href=\"https:\/\/fogadas-sport.com\/gamebookers\/\">haszn\u00e1lja ezt a weblinket<\/a> N\u00e9gyszer Soler van egyed\u00fcl, O&#39;Connor pedig mind\u00f6ssze 45 m\u00e1sodperccel el\u0151zi meg. Van Aert a k\u00f6zvetlen k\u00f6zeledben van, miel\u0151tt a sr\u00e1c teljesen el\u0151relend\u00fclt. Jack Haig most f\u00e9lre\u00e1llt az els\u0151 sz\u00f3l\u00f3ban, sok motoros \u00fcld\u00f6zi. Tom Paquot \u00e9s Callum Scotson a versenyen k\u00edv\u00fcl pr\u00f3b\u00e1lkoznak reggel, \u00edgy 145 versenyz\u0151 marad a versenyben.<\/p>\n<h2 id=\"toc-1\">Fizet\u0151s funkci\u00f3k<\/h2>\n<p>Hivatalosan nincsenek emelked\u0151k az 5. szakaszon felsorolva, azonban a csatorna n\u00e9h\u00e1ny harmad\u00e1ban \u00e9rdemes hull\u00e1mozni. Ez nagy val\u00f3sz\u00edn\u0171s\u00e9ggel azt is jelenti, hogy a sz\u00f6k\u00e9sben l\u00e9v\u0151 versenyz\u0151k m\u00e1r a rajtt\u00f3l kezdve \u201eteljes \u00fczemanyaggal\u201d haladnak, \u00e9s a pelotonon is megugorj\u00e1k magukat. Az el\u0151z\u0151 hegyi szakaszt k\u00f6vet\u0151en az \u00e1ltal\u00e1nos oszt\u00e1lyzat val\u00f3sz\u00edn\u0171leg jobb lesz, \u00edgy a sz\u00f6k\u00e9sben l\u00e9v\u0151 versenyz\u0151knek t\u00f6bbnyire az \u00faj sprintcsoportokra kell figyelni\u00fck.<\/p>\n<h2 id=\"toc-2\">Tizenkettedik f\u00e1zis augusztus 29. Ourense \u2013 Estaci\u00f3n de Manzaneda 137.cuatro kilom\u00e9ter, Mountain Become<\/h2>\n<p>Az \u00faj Portillo de la Sia (besorol\u00e1s p\u00e1r) vadonat\u00faj szakaszt fog meghat\u00e1rozni a fin\u00e1l\u00e9hoz, \u00e9s a ker\u00e9kp\u00e1rosok gyakran a Puerto de Los Tornoson (besorol\u00e1s te) kereszt\u00fcl \u00e9rik el a v\u00e9gs\u0151 emelked\u0151t. A Pic\u00f3n Blanco utols\u00f3 emelked\u0151je val\u00f3j\u00e1ban egy 7,5 kilom\u00e9teres emelked\u0151, hogy 1518 m\u00e9teres szintk\u00fcl\u00f6nbs\u00e9gben tal\u00e1ld meg magad. A 2024-es Vuelta a Espa\u00f1a m\u00e1snapj\u00e1n \u00fagy t\u0171nik, hogy egym\u00e1s ut\u00e1n k\u00f6vetkeztek a hegyi befut\u00f3k.<\/p>\n<h2 id=\"toc-3\">Vuelta 2024: \u00datvonal \u00e9s foksz\u00e1m<\/h2>\n<p><img src=\"https:\/\/www.legalsportsreport.com\/wp-content\/uploads\/2019\/01\/Bet.Works_.jpg\" alt=\"sports betting explorer\" align=\"right\" border=\"0\"><\/p>\n<p>A 17. szakasz, az \u00faj Passo del Tonale \u00e9s a Passo del Mortirolo \u00e1tl\u00e9p\u00e9se tal\u00e1n az, amit\u0151l eddig sok kritik\u00e1t hallottam, de nekem tetszik. Jobban szerettem volna, ha a Mortirolo \u00faj, bonyolultabb szakasza lesz, de ez is megfelel\u0151. Ez egy \u00fajabb nap a hossz\u00fa t\u00e1v\u00fa versenyekhez, egy nagyon pontos \u00e9s technikai lejtmenethez, majd egy \u00e1lland\u00f3 fin\u00e1l\u00e9hoz, ahol a csoportos \u00f6tletek \u00e9s a szakad\u00e1r f\u00e9rfiak nagyon fontosnak bizonyulhatnak. Ez nem egy j\u00f3 &quot;W\/Kg&quot; verseny, de ha valami szokatlan t\u00f6rt\u00e9nik, a csoportoknak t\u00f6bbet kellene haszn\u00e1lniuk az \u00f6tleteket.<\/p>\n<h2 id=\"toc-4\">Luanco &gt; Lagos de Covadonga<\/h2>\n<p>Egy apartmanrandi a sprintereknek a csomagb\u00f3l, \u00e9s tal\u00e1n egy es\u00e9ly a nagy GC ker\u00e9kp\u00e1rosoknak a regener\u00e1l\u00f3d\u00e1sra egy k\u00fcl\u00f6n\u00f6sen neh\u00e9z m\u00e1sz\u00e1s ut\u00e1n. Az \u00faj 2023-as Vuelta a go Espa\u00f1a elt\u00f6k\u00e9lt abban, hogy kem\u00e9ny csat\u00e1t v\u00edv a piros mez\u00e9rt, mik\u00f6zben a hatalmas koncertk\u00f6r\u00fat-reg\u00e9nyekkel teli p\u00e1lya az \u00e9vek egyik legnehezebb \u00fatvonal\u00e1t j\u00e1rja be. K\u00e9t \u00fajabb hegyi szint hozza vissza a Vuelta-t a spanyol hat\u00e1rhoz, a csata a Spanyolorsz\u00e1gba val\u00f3 visszat\u00e9r\u00e9st jelzi a Stage Cuatro-n, amelynek els\u0151 versenye a Pico de Villuercas-t\u00f3l indul\u00f3 neh\u00e9z emelked\u0151n van, a 2021-es \u00e9vben rendezett t\u00f6rt\u00e9netben, amely a francia Romain Bardet sz\u00e1m\u00e1ra is sikert hozott. Az \u00faj 2024-es Vuelta a go Espa\u00f1a egy bemutat\u00f3val indul Portug\u00e1li\u00e1ban. Az \u00faj versenyz\u0151k \u00e1ltal\u00e1ban egy apartman\u00e1llom\u00e1st c\u00e9loznak meg a finansz\u00edroz\u00e1st\u00f3l sz\u00e1m\u00edtott 12 kilom\u00e9teres \u00e1llom\u00e1son, Lisszabonban, majd Oeirasban.<\/p>\n<h2 id=\"toc-5\">Vuelta a nagyszer\u0171 Espa\u00f1a 2024 \u2013 16. szakasz<\/h2>\n<p>Ma Van Aert a reped\u00e9s elej\u00e9n rajtol el, ism\u00e9t solamente-ban. Vine megpr\u00f3b\u00e1l sprintelni kor\u00e1bban Van Aert, de a belga k\u00f6nnyed\u00e9n megnyeri az \u00faj versenyt, \u00e9s \u00fagy d\u00f6nt, hogy \u00e1tv\u00e1g a Mirador del Fito tetej\u00e9n. Mindezt m\u00e9gis vele teszi a magas lejt\u0151k\u00f6n a sz\u00fcnetben, elh\u00fazva a nyit\u00f3 emelked\u0151ig. Az epiz\u00f3dok folyamatosan rep\u00fclnek, de m\u00e9g mindig nincs sz\u00fcnet ebben a g\u00f6r\u00f6ngy\u00f6s kezdetben az \u00faj szakaszhoz.<\/p>\n<p>Marc Soler folytatja az \u00faj t\u00e1mad\u00e1st a leg\u00fajabb emelked\u0151 leg\u00fajabb kilom\u00e9ter\u00e9n. A sz\u00fcnet val\u00f3j\u00e1ban a nap els\u0151 emelked\u0151je, az \u00faj Mirador del Fito (7,1 km-re a 7,9%-os szintt\u0151l). Ak\u00e1r 20 km-re is van h\u00e1tra, hogy megn\u00e9zz\u00fck a nap legkor\u00e1bbi emelked\u0151j\u00e9t, az els\u0151 csoportbeli Mirador del Fit\u00f3t. A verseny \u00e9llovasa, Ben O&#39;Connor fizikai \u00e1llapotban van, \u00e9s el\u0151fordulhat, hogy ideiglenesen lecs\u00faszunk a mez\u0151ny\u00fcnk alj\u00e1r\u00f3l, de ma visszat\u00e9rt oda. A Bikafut\u00e1s\u00e1r\u00f3l ismert v\u00e1rosb\u00f3l indulva egy kiv\u00e1l\u00f3 hegyi \u00fatvonal Lekunberribe mindig fel\u00e9r a mez\u0151ny \u00faj \u00fct\u0151ivel. Az els\u0151k idej\u00e9t hajszolva az \u00faj versenyz\u0151k visszat\u00e9rnek egy olyan id\u0151bemutat\u00f3hoz, amelyet izgalmasnak kell n\u00e9zni.<\/p>\n<p><img src=\"https:\/\/images.covers.com\/editorial\/2019\/torres_gleyber0722.jpg\" alt=\"won betting tips\" border=\"0\" align=\"right\"><\/p>\n<p>Ha a t\u00e1mad\u00e1sok \u00f6nmagukban nem jav\u00edtj\u00e1k az emelked\u00e9s k\u00fcl\u00f6nbs\u00e9geit, a lesz\u00e1rmaz\u00e1si vonal hi\u00e1nya \u00e9s a negyedd\u00f6nt\u0151 rengeteg taktikai mozdulatot eredm\u00e9nyezhet. Ez val\u00f3ban k\u00e1ros dolog, az \u00faj 2023-as Giro j\u00f3 p\u00e9lda arra, hogy a tegnapi bemutat\u00f3 izgalmas, de az \u00faj csata sok esetben nem hozta meg a k\u00edv\u00e1nt eredm\u00e9nyt. Ez\u00fattal azonban az \u00faj szintek nem biztos\u00edtj\u00e1k a sim\u00e1bb menetet, hogy \u00f3vatosan tekerhess. A 16. szakasz azonnal nagyon neh\u00e9zz\u00e9 v\u00e1lik, t\u00f6bb emelked\u0151 kever\u00e9k\u00e9vel, \u00e9s egy nagyon neh\u00e9z versenyen tal\u00e1lhatod magad San Valentin\u00f3ban, ahol a v\u00e1ltoz\u00e1sok biztosak lehetnek.<\/p>\n<p>A Jumbo-Vism\u00e1t a szezon nagy, nagyj\u00e1b\u00f3l h\u00e1rom futam\u00e1nak megnyer\u00e9s\u00e9t\u0151l a regn\u00e1l\u00f3 Vuelta-bajnok, Remco Evenepoel pr\u00f3b\u00e1lja megakad\u00e1lyozni. Az \u00faj Soudal Short-Action pil\u00f3ta kiemelked\u0151 \u00edg\u00e9retet tett a tavalyi versenyen, amikor azt tervezte, hogy m\u00e1r a verseny elej\u00e9n megszerzi az \u00faj piros mezt, \u00e9s ak\u00e1r Madridig is felveheti vele a versenyt. Az \u00faj belga filmszt\u00e1r k\u00e9t h\u00e9ttel k\u00e9s\u0151bb aut\u00f3p\u00e1lya-bajnok lett, \u00e9s az utols\u00f3 napokban megszerezte az id\u0151m\u00e9r\u0151s csapat nev\u00e9t, ahol egy okos fogad\u00e1st k\u00f6t Jumbo meg\u00e1ll\u00edt\u00e1s\u00e1ra.<\/p>\n<p>Az \u00faj ker\u00e9kp\u00e1rosok a lak\u00e1shoz tekernek a hull\u00e1mz\u00f3 terepen, a k\u00f6r\u00fclbel\u00fcl h\u00e1rom KOM-emelked\u00e9s k\u00f6z\u00fcl az els\u0151n. Az \u00faj ker\u00e9kp\u00e1rosok k\u00f6vetik \u0151ket, \u00edgy egy r\u00f6vid, besorolatlan emelked\u0151n haladhatsz \u00e1t a Canga de Onis miatt, a v\u00e9gs\u0151 emelked\u0151 alj\u00e1n. De ahelyett, hogy egy korai tavacsk\u00e1b\u00f3l kiindulva a leg\u00fajabb csatorna egy hamis s\u00edks\u00e1gon folytat\u00f3dik felfel\u00e9 a Collada Llomena t\u00f6v\u00e9ben. Az \u00faj ker\u00e9kp\u00e1rosok a legnehezebb cs\u00facson bicikliznek, ami egy j\u00f3 7,6 kilom\u00e9teres menetet jelent, a szok\u00e1sos 9,3%-os meredeks\u00e9ggel.<\/p>\n<p>A p\u00e1lyav\u00e1laszt\u00e1s helysz\u00edn\u00e9t\u0151l f\u00fcgg, ahol a GC-t n\u00e9h\u00e1ny nap m\u00falva eld\u00f6ntik, mivel az \u00faj verseny fele szemin\u00e1riumokb\u00f3l \u00e1ll, \u00e9s ott van az \u00faj Angliru, \u00e9s a Farrapona a 13. \u00e9s 14. szinten is el\u00e9rhet\u0151. Az elm\u00falt h\u00f3napban van a 16. szakasz, ahol izgalomnak t\u0171nhet, de ma a legjobban az utols\u00f3 agressz\u00edv szakaszon volt, mint 2021-ben. A Bola del Mundo \u00faj fin\u00e1l\u00e9ja lehangol\u00f3, ez egy sz\u00e9p emelked\u00e9s, de az utols\u00f3 lehet\u0151s\u00e9g, hogy komolyan ford\u00edtsuk a leg\u00fajabb versenyt, amelyre t\u00e1mad\u00e1st ind\u00edthatunk, a 16. szakaszon van.<\/p>\n","protected":false},"excerpt":{"rendered":"<p>Bejegyz\u00e9sek Jobb orsz\u00e1g\u00fati ker\u00e9kp\u00e1rok 2025-ben: Minden sof\u0151rnek egy terepker\u00e9kp\u00e1r Fizet\u0151s funkci\u00f3k Tizenkettedik f\u00e1zis augusztus 29. Ourense \u2013 Estaci\u00f3n de Manzaneda 137.cuatro kilom\u00e9ter, Mountain Become Vuelta 2024: \u00datvonal \u00e9s foksz\u00e1m Luanco &gt; Lagos de Covadonga Vuelta a nagyszer\u0171 Espa\u00f1a 2024 \u2013 16. szakasz Egy hihetetlen\u00fcl gyors napi pr\u00f3ba\u00fat, egy kis, halad\u00f3 emelked\u0151vel (a KOM \u00f3ta nem [&hellip;]<\/p>\n","protected":false},"author":1,"featured_media":0,"comment_status":"closed","ping_status":"closed","sticky":false,"template":"","format":"standard","meta":[],"categories":[1],"tags":[],"_links":{"self":[{"href":"https:\/\/www.anunciacion.cl\/index.php?rest_route=\/wp\/v2\/posts\/90576"}],"collection":[{"href":"https:\/\/www.anunciacion.cl\/index.php?rest_route=\/wp\/v2\/posts"}],"about":[{"href":"https:\/\/www.anunciacion.cl\/index.php?rest_route=\/wp\/v2\/types\/post"}],"author":[{"embeddable":true,"href":"https:\/\/www.anunciacion.cl\/index.php?rest_route=\/wp\/v2\/users\/1"}],"replies":[{"embeddable":true,"href":"https:\/\/www.anunciacion.cl\/index.php?rest_route=%2Fwp%2Fv2%2Fcomments&post=90576"}],"version-history":[{"count":1,"href":"https:\/\/www.anunciacion.cl\/index.php?rest_route=\/wp\/v2\/posts\/90576\/revisions"}],"predecessor-version":[{"id":90582,"href":"https:\/\/www.anunciacion.cl\/index.php?rest_route=\/wp\/v2\/posts\/90576\/revisions\/90582"}],"wp:attachment":[{"href":"https:\/\/www.anunciacion.cl\/index.php?rest_route=%2Fwp%2Fv2%2Fmedia&parent=90576"}],"wp:term":[{"taxonomy":"category","embeddable":true,"href":"https:\/\/www.anunciacion.cl\/index.php?rest_route=%2Fwp%2Fv2%2Fcategories&post=90576"},{"taxonomy":"post_tag","embeddable":true,"href":"https:\/\/www.anunciacion.cl\/index.php?rest_route=%2Fwp%2Fv2%2Ftags&post=90576"}],"curies":[{"name":"wp","href":"https:\/\/api.w.org\/{rel}","templated":true}]}}