{"id":7171,"date":"2025-03-04T15:01:31","date_gmt":"2025-03-04T19:01:31","guid":{"rendered":"https:\/\/www.anunciacion.cl\/?p=7171"},"modified":"2025-03-05T13:46:21","modified_gmt":"2025-03-05T17:46:21","slug":"6112-sayl-radyo-ve-televizyonlarn-kurulu-ve-yayn-75","status":"publish","type":"post","link":"https:\/\/www.anunciacion.cl\/?p=7171","title":{"rendered":"6112  say\u0131l\u0131 Radyo ve Televizyonlar\u0131n Kurulu\u015f ve Yay\u0131n Hizmetleri Hakk\u0131nda Konsolide metin"},"content":{"rendered":"<h1>6112  say\u0131l\u0131 Radyo ve Televizyonlar\u0131n Kurulu\u015f ve Yay\u0131n Hizmetleri Hakk\u0131nda Konsolide metin<\/h1>\n<p>G\u00f6nderilen e-postan\u0131n ilgili ki\u015fininkutusuna d\u00fc\u015f\u00fcp d\u00fc\u015fmedi\u011finin, ilgili ki\u015filer taraf\u0131ndan a\u00e7\u0131l\u0131p a\u00e7\u0131lmad\u0131\u011f\u0131n\u0131ntespiti yap\u0131lmaks\u0131z\u0131n i\u015flemin tebli\u011f edildi\u011finin kabul\u00fc, ki\u015filerin i\u015fleme kar\u015f\u0131dava a\u00e7malar\u0131n\u0131n \u00f6nlenmesinin ama\u00e7land\u0131\u011f\u0131n\u0131 g\u00f6stermektedir. (4) \u00dcst Kurul \u00fcyeleri ve Kurum personeli, Kurumla ilgili gizlilik ta\u015f\u0131yan bilgileri ve medya hizmet sa\u011flay\u0131c\u0131 kurulu\u015flara ve yay\u0131n hizmeti yapan ger\u00e7ek ve t\u00fczel ki\u015filere ait her t\u00fcrl\u00fc s\u0131rlar\u0131, g\u00f6revlerinden ayr\u0131lm\u0131\u015f olsalar bile a\u00e7\u0131klayamaz, kendilerinin veya ba\u015fkalar\u0131n\u0131n menfaatine kullanamaz. (2) \u00dcst Kurul \u00fcyeleri, asl\u00ee g\u00f6revlerini aksatmayan bilimsel ama\u00e7l\u0131 eser haz\u0131rlama, ders ve konferans verme, j\u00fcri ve komisyon \u00fcyeli\u011fi yapma hari\u00e7, resm\u00ee veya \u00f6zel nitelikte hi\u00e7bir g\u00f6rev alamaz, \u00f6zel veya kamu medya hizmet sa\u011flay\u0131c\u0131lar\u0131n\u0131n g\u00f6rev ve yetki alan\u0131na giren konularda do\u011frudan veya dolayl\u0131 olarak taraf olamaz ve bu konularda hi\u00e7bir madd\u00ee menfaat sa\u011flayamaz ve siyas\u00ee partiye \u00fcye olamaz. Faaliyet alan\u0131 sosyal yard\u0131m ve e\u011fitimle ilgili olan dernekler ve vak\u0131flarda y\u00fcr\u00fct\u00fclen g\u00f6revler ve kooperatif ortakl\u0131klar\u0131 bu h\u00fckm\u00fcn d\u0131\u015f\u0131ndad\u0131r. K) Yay\u0131n hizmetleri ile ilgili geli\u015fmeleri takip etmek, sekt\u00f6re ili\u015fkin genel stratejileri, ortak denetim, \u00f6zdenetim ve ortak d\u00fczenleme mekanizmalar\u0131n\u0131 belirlemek; yay\u0131n hizmetlerinin \u00fclkemizde geli\u015fmesini sa\u011flayacak \u00e7al\u0131\u015fma ve te\u015fviklerde bulunmak; medya hizmet sa\u011flay\u0131c\u0131lar\u0131n\u0131n \u00e7al\u0131\u015fanlar\u0131na y\u00f6nelik e\u011fitim ve sertifika programlar\u0131 d\u00fczenlemek ve sertifika vermek. \u00c7) Bilgi Teknolojileri ve \u0130leti\u015fim Kurumunun g\u00f6rev ve yetkileri sakl\u0131 kalmak kayd\u0131yla, platform, multipleks, altyap\u0131 i\u015fletmecileri ile verici tesis ve i\u015fletim \u015firketinin radyo, televizyon ve iste\u011fe ba\u011fl\u0131 yay\u0131n hizmetlerinin iletimi faaliyetlerine ili\u015fkin uymalar\u0131 gereken idar\u00ee, mal\u00ee ve teknik \u015fartlar\u0131 belirlemek, bunlara yay\u0131n iletim yetkisi vermek ve gerekti\u011finde iptal etmek.<\/p>\n<p>Ayn\u0131\u015fekilde internet haber <a href=\"https:\/\/kredidefteri.com\/\">Bettilt giri\u015f adresi<\/a> veya internet gazeteleri, internetten yay\u0131nyapan radyo ve televizyonlar gibi okuyucular\u0131n g\u00f6r\u00fc\u015f a\u00e7\u0131klama ve yorumyapmas\u0131na imk\u00e2n veren sitelerin a\u00e7\u0131k\u00e7a istisna tutulmam\u0131\u015f olmas\u0131 dolay\u0131s\u0131ylasosyal a\u011f sa\u011flay\u0131c\u0131 kavram\u0131 i\u00e7ine sokulmas\u0131 m\u00fcmk\u00fcn g\u00f6z\u00fckmektedir. Benzer\u015fekilde Ek\u015fi S\u00f6zl\u00fck, Wikipedia gibi okuyucular\u0131n i\u00e7erik olu\u015fturmas\u0131na imk\u00e2nveren ancak asli amac\u0131 sosyal etkile\u015fim olmayan online ansiklopedilerin de\u00f6ng\u00f6r\u00fclen tan\u0131m kapsam\u0131na dahil edilme olas\u0131l\u0131\u011f\u0131 bulunmaktad\u0131r. Ayr\u0131cakullan\u0131c\u0131lar\u0131n konum, metin, g\u00f6r\u00fcnt\u00fc payla\u015ft\u0131klar\u0131 ancak asli amac\u0131 harita olan\u201cGoogle Haritalar\u201d\u0131n bu tan\u0131ma girip girmeyece\u011fi anla\u015f\u0131lamamaktad\u0131r. Bu konudabir a\u00e7\u0131kl\u0131\u011f\u0131n olmay\u0131\u015f\u0131; ki\u015filerin, davran\u0131\u015flar\u0131n\u0131, hukuk d\u00fczeni taraf\u0131ndanisnat edilece\u011fini bildikleri sonu\u00e7lara g\u00f6re ayarlamalar\u0131na engel olacakt\u0131r. Tebli\u011fe ra\u011fmen yay\u0131n hizmetlerinin iletimini durdurmayan i\u015fletmecinin yay\u0131n iletim yetkisi iptal edilir ve bu durum Bilgi Teknolojileri ve \u0130leti\u015fim Kurumuna bildirilir. (7) Multipleks kapasitesi tahsis edilerek karasal yay\u0131n lisans\u0131 verilen medya hizmet sa\u011flay\u0131c\u0131 kurulu\u015flar taraf\u0131ndan karasal ortamdan sunulacak radyo veya televizyon yay\u0131n hizmetleri, multipleks i\u015fletmecisi taraf\u0131ndan iletilir. Ayn\u0131 multipleks i\u00e7inde yer alan medya hizmet sa\u011flay\u0131c\u0131 kurulu\u015flar, bir multipleks i\u015fletmecisi \u00fczerinde anla\u015farak yay\u0131nlar\u0131n\u0131 iletirler. Dava konusu kurallarda d\u00fczenlenen, i\u00e7eri\u011fin\u00e7\u0131kar\u0131lmas\u0131 ve\/veya eri\u015fimin engellenmesi karar\u0131 su\u00e7un i\u015flendi\u011fitespitine ba\u011fl\u0131 olarak de\u011fil su\u00e7 \u015f\u00fcphesine ba\u011fl\u0131 olarak uygulanan biryapt\u0131r\u0131md\u0131r. Di\u011fer bir ifadeyle kurallarda belirtilen yapt\u0131r\u0131mlar\u0131nuygulanmas\u0131, yapt\u0131r\u0131m uygulanan ki\u015finin 5651 say\u0131l\u0131 Kanun\u2019un 8.<\/p>\n<ul>\n<li>Sonraki c\u00fcmlede ise bu \u015fekildeki bildirimin yap\u0131ld\u0131\u011f\u0131 g\u00fcn\u00fcizleyen be\u015finci g\u00fcn sonunda tebligat\u0131n yap\u0131lm\u0131\u015f say\u0131laca\u011f\u0131 ve bu \u015fekildeyap\u0131lan tebligat\u0131n 7201 say\u0131l\u0131 Tebligat Kanunu uyar\u0131nca yap\u0131lm\u0131\u015f anlam\u0131na geldi\u011fibelirtilmektedir.<\/li>\n<li>Bu kapsamda, sorumlulu\u011funun kurulmas\u0131 i\u00e7in kural olarak, d\u00f6rttemel unsur aranmaktad\u0131r.<\/li>\n<li>Bu itibarla s\u0131n\u0131rlaman\u0131n Anayasa\u2019n\u0131n48.<\/li>\n<li>T\u00fcrkiye Radyo-Televizyon Kurumu da kendisine yap\u0131lan tahsisler \u00e7er\u00e7evesinde ve \u00dcst Kurulca verilen s\u00fcre i\u00e7inde karasal radyo ve televizyon yay\u0131nlar\u0131n\u0131 eski kulland\u0131\u011f\u0131 kanal ve frekanslardan tahsis edilen kanal, multipleks kapasitesi ve frekanslara ta\u015f\u0131r.<\/li>\n<\/ul>\n<p>Bu\u00e7al\u0131\u015fmalar sonucunda tasar\u0131 ancak May\u0131s 2020\u2019de meclis taraf\u0131ndanonaylanm\u0131\u015ft\u0131r. S\u00f6z konusu yasaya Avrupa Komisyonu, di\u011fer \u00fcye devletler veFrans\u0131z halk\u0131 tepki g\u00f6stermi\u015ftir. \u0130fade \u00f6zg\u00fcrl\u00fc\u011f\u00fc ve platformlara getirmi\u015foldu\u011fu y\u00fck\u00fcml\u00fcl\u00fckler bak\u0131m\u0131ndan yo\u011fun bir \u015fekilde kamuoyunda ele\u015ftirilend\u00fczenlemenin kat\u0131 h\u00fck\u00fcmleri Fransa Anayasa Konseyi taraf\u0131ndan iptal edilmi\u015ftir. Alman NetzDG uygulamas\u0131nda, platformlara kullan\u0131c\u0131lar\u0131nkimli\u011fini a\u00e7\u0131klama y\u00fck\u00fcml\u00fcl\u00fc\u011f\u00fc, hukuka ayk\u0131r\u0131 i\u00e7erik dolay\u0131s\u0131yla a\u00e7\u0131lan hukukdavas\u0131 kapsam\u0131nda getirilmi\u015ftir ve bu bilginin a\u00e7\u0131klanmas\u0131na ancak mahkemekarar verebilir. \u0130lk olarak, Anayasa Mahkemesi, eri\u015fime engellemenin cezai ya daidari bir yapt\u0131r\u0131m de\u011fil, ge\u00e7ici tedbir niteli\u011fi ta\u015f\u0131d\u0131\u011f\u0131n\u0131 belirtmi\u015ftir. AncakMahkemenin bu tespitinin yukar\u0131da belirtilen belirsizli\u011fi ortadan kald\u0131rd\u0131\u011f\u0131n\u0131s\u00f6ylemek m\u00fcmk\u00fcn de\u011fildir. Zira bu tespiti hayata ge\u00e7irecek mekanizmalar yasadabulunmamaktad\u0131r. Eri\u015fim engellemenin ge\u00e7ici tedbir niteli\u011finde olabilmesi i\u00e7inbu karardan sonra mutlaka bir hukuk davas\u0131 ya da ceza soru\u015fturmas\u0131n\u0131n a\u00e7\u0131lmas\u0131ve i\u00e7eri\u011fe ili\u015fkin esastan bir karar verilmesi gerekir. Oysa mevcut d\u00fczenlemeve uygulamada b\u00f6yle bir zorunluluk bulunmamaktad\u0131r. Verilen eri\u015fime engellemekararlar\u0131 kesin h\u00fck\u00fcm olarak de\u011ferlendirilmekte ve ilelebet y\u00fcr\u00fcrl\u00fcktekalmaktad\u0131r.<\/p>\n<p>(6) Karasal ortamdan yap\u0131lacak radyo ve televizyon yay\u0131n hizmeti i\u00e7in tahsis edilmi\u015f kanal, multipleks kapasitesi ve radyo frekanslar\u0131 i\u00e7in kamu ve \u00f6zel medya hizmet sa\u011flay\u0131c\u0131 kurulu\u015flardan y\u0131ll\u0131k kullan\u0131m \u00fccreti al\u0131n\u0131r. Y\u0131ll\u0131k kullan\u0131m \u00fccreti, s\u00f6z konusu yay\u0131n\u0131n n\u00fcfusa ba\u011fl\u0131 kapsama alan\u0131, t\u00fcr\u00fc, verici g\u00fcc\u00fc, frekans\u0131n bulundu\u011fu bant ve yay\u0131n\u0131n yap\u0131ld\u0131\u011f\u0131 yerle\u015fim biriminin ekonomik geli\u015fmi\u015flik seviyesi gibi nesnel k\u0131staslar esas al\u0131narak \u00dcst Kurul taraf\u0131ndan belirlenir. (1) Bu Kanunun amac\u0131; radyo, televizyon ve iste\u011fe ba\u011fl\u0131 yay\u0131n hizmetlerinin d\u00fczenlenmesi ve denetlenmesi, ifade ve haber alma \u00f6zg\u00fcrl\u00fc\u011f\u00fcn\u00fcn sa\u011flanmas\u0131, medya hizmet sa\u011flay\u0131c\u0131lar\u0131n\u0131n idar\u00ee, mal\u00ee ve teknik yap\u0131lar\u0131 ve y\u00fck\u00fcml\u00fcl\u00fckleri ile Radyo ve Televizyon \u00dcst Kurulunun kurulu\u015fu, te\u015fkil\u00e2t\u0131, g\u00f6rev, yetki ve sorumluluklar\u0131na ili\u015fkin usul ve esaslar\u0131 belirlemektir. B\u00fct\u00fcn bu a\u00e7\u0131klamalar T\u00fcrkiye\u2019deki kullan\u0131c\u0131lar\u0131n verileriniT\u00fcrkiye\u2019de bulundurma y\u00fck\u00fcml\u00fcl\u00fc\u011f\u00fc \u00f6ng\u00f6ren kural\u0131n sosyal medya kullan\u0131c\u0131lar\u0131n\u0131nAnayasan\u0131n 20 maddesinde g\u00fcvence alt\u0131na al\u0131nan \u00f6zel hayat\u0131n korunmas\u0131 hakk\u0131na,22. Maddesinde korunan haberle\u015fme \u00f6zg\u00fcrl\u00fc\u011f\u00fcne, 25. Maddesinde g\u00fcvence alt\u0131naal\u0131nan d\u00fc\u015f\u00fcnce \u00f6zg\u00fcrl\u00fc\u011f\u00fcne, 26. Maddesinde g\u00fcvence alt\u0131na al\u0131nan ifade\u00f6zg\u00fcrl\u00fc\u011f\u00fcne y\u00f6nelik m\u00fcdahale te\u015fkil etti\u011fi ve me\u015fru bir amac\u0131n\u0131n bulunmad\u0131\u011f\u0131n\u0131g\u00f6stermektedir. Verilerin T\u00fcrkiye\u2019de bulunmamas\u0131, ifade \u00f6zg\u00fcrl\u00fc\u011f\u00fcn\u00fcn, istisnaiolarak bu y\u00f6nde bir gereklilik oldu\u011funda, uluslararas\u0131 insan haklar\u0131s\u00f6zle\u015fmelerindeki ortak standartlara uygun \u015fekilde s\u0131n\u0131rlanmas\u0131na maniolmayacakt\u0131r. Bu a\u00e7\u0131dan, ihtilafl\u0131 kural\u0131n, demokratik bir topluma yara\u015f\u0131rherhangi bir kamu yarar\u0131 d\u00fc\u015f\u00fcncesinden hareket etmedi\u011fi ortadad\u0131r.<\/p>\n<p>NetzDG ayr\u0131ca \u015feffafl\u0131\u011f\u0131 sa\u011flamak \u00fczere platformlar\u0131n raporsunmas\u0131n\u0131 \u00f6ng\u00f6rmektedir. Bir platform y\u0131lda 100\u2019den fazla \u015fik\u00e2yet al\u0131rsa, alt\u0131ayda bir i\u00e7erik denetleme uygulamalar\u0131n\u0131 detayland\u0131ran geni\u015f kapsaml\u0131 raporhaz\u0131rlamas\u0131 ve yay\u0131nlamas\u0131 gerekmektedir. Yasa, ne t\u00fcr bilgilerin bu raporlaradahil edilmesi gerekti\u011fini ayr\u0131nt\u0131lar\u0131yla a\u00e7\u0131klamaktad\u0131r. (1) Bu Kanun uyar\u0131nca y\u00fcr\u00fcrl\u00fc\u011fe konulmas\u0131 gereken y\u00f6netmelikler, bu Kanunun yay\u0131m\u0131 tarihinden itibaren alt\u0131 ay i\u00e7inde \u00dcst Kurulca haz\u0131rlan\u0131r ve Resm\u00ee Gazetede yay\u0131mlanarak y\u00fcr\u00fcrl\u00fc\u011fe konulur. Bu y\u00f6netmelikler y\u00fcr\u00fcrl\u00fc\u011fe konuluncaya kadar mevcut d\u00fczenleyici i\u015flemlerin bu Kanuna ayk\u0131r\u0131 olmayan h\u00fck\u00fcmlerinin uygulanmas\u0131na devam edilir. (6) \u00dcst Kurul uzman\u0131 ve \u00dcst Kurul uzman yard\u0131mc\u0131s\u0131 kadrolar\u0131ndan teknik hizmetler s\u0131n\u0131f\u0131nda bulunanlar\u0131n hizmet s\u0131n\u0131f\u0131, genel idare hizmetleri olarak de\u011fi\u015ftirilmi\u015ftir. Hukuk M\u00fc\u015faviri ve daire ba\u015fkanlar\u0131 Ba\u015fkan\u0131n teklifi \u00fczerine Kurul karar\u0131yla, di\u011fer personel Ba\u015fkan taraf\u0131ndan atan\u0131r.<\/p>\n<p>\u0130ptali istenen kural, George Orwell\u2019\u0131n 1984 roman\u0131nda yer alankonjonkt\u00fcre g\u00f6re ger\u00e7eklerin her g\u00fcn yeniden yaz\u0131lmas\u0131ndan sorumlu hakikatbakanl\u0131\u011f\u0131n\u0131n i\u015flevini g\u00f6rmeye adayd\u0131r[5]. \u0130kinci olarak, Anayasa Mahkemesinin Ali K\u0131d\u0131k ve devam\u0131kararlar\u0131nda ki\u015filik haklar\u0131 kavram\u0131n\u0131n i\u00e7eri\u011fi ve t\u00fczel ki\u015filerin bu haklardanhangilerinden ve ne \u00f6l\u00e7\u00fcde yararlanaca\u011f\u0131 konusunda herhangi bir tart\u0131\u015fmayap\u0131lmam\u0131\u015f ve bu konularda a\u00e7\u0131kl\u0131k sa\u011flanmam\u0131\u015ft\u0131r. (5) \u00dcst Kurul m\u00fc\u015faviri ve uzman denet\u00e7i kadrosunda bulunanlar, \u00dcst Kurulda Ba\u015fkan taraf\u0131ndan uygun g\u00f6r\u00fclen birim ve i\u015flerde g\u00f6revlendirilirler. Bu Kanunun yay\u0131m\u0131 tarihinden itibaren \u00dcst Kurulda yeni \u00dcst Kurul m\u00fc\u015faviri ve uzman denet\u00e7i atamas\u0131 yap\u0131lmaz ve bu kadrolarda herhangi bir \u015fekilde bo\u015falma olmas\u0131 h\u00e2linde, an\u0131lan kadrolar herhangi bir i\u015fleme gerek kalmaks\u0131z\u0131n iptal edilmi\u015f say\u0131l\u0131r. (4) Ulusal ve uluslararas\u0131 hava ve deniz seyr\u00fcsefer sistemlerine radyo ve televizyon sistemlerinden zararl\u0131 enterferanslar gelmesi h\u00e2linde, Bilgi Teknolojileri ve \u0130leti\u015fim Kurumu can ve mal g\u00fcvenli\u011fini tehlikeye d\u00fc\u015f\u00fcrmemek amac\u0131yla enterferansa sebep olan vericileri yerinde tespit ederek ge\u00e7ici olarak kapat\u0131r ve durumu \u00dcst Kurula bildirir. \u00dcst Kurul bu Kanun \u00e7er\u00e7evesinde gerekli m\u00fceyyideleri ayr\u0131ca uygular.<\/p>\n","protected":false},"excerpt":{"rendered":"<p>6112 say\u0131l\u0131 Radyo ve Televizyonlar\u0131n Kurulu\u015f ve Yay\u0131n Hizmetleri Hakk\u0131nda Konsolide metin G\u00f6nderilen e-postan\u0131n ilgili ki\u015fininkutusuna d\u00fc\u015f\u00fcp d\u00fc\u015fmedi\u011finin, ilgili ki\u015filer taraf\u0131ndan a\u00e7\u0131l\u0131p a\u00e7\u0131lmad\u0131\u011f\u0131n\u0131ntespiti yap\u0131lmaks\u0131z\u0131n i\u015flemin tebli\u011f edildi\u011finin kabul\u00fc, ki\u015filerin i\u015fleme kar\u015f\u0131dava a\u00e7malar\u0131n\u0131n \u00f6nlenmesinin ama\u00e7land\u0131\u011f\u0131n\u0131 g\u00f6stermektedir. (4) \u00dcst Kurul \u00fcyeleri ve Kurum personeli, Kurumla ilgili gizlilik ta\u015f\u0131yan bilgileri ve medya hizmet sa\u011flay\u0131c\u0131 kurulu\u015flara ve yay\u0131n hizmeti [&hellip;]<\/p>\n","protected":false},"author":1,"featured_media":0,"comment_status":"closed","ping_status":"closed","sticky":false,"template":"","format":"standard","meta":{"footnotes":""},"categories":[50],"tags":[],"class_list":["post-7171","post","type-post","status-publish","format-standard","hentry","category-bt"],"_links":{"self":[{"href":"https:\/\/www.anunciacion.cl\/index.php?rest_route=\/wp\/v2\/posts\/7171","targetHints":{"allow":["GET"]}}],"collection":[{"href":"https:\/\/www.anunciacion.cl\/index.php?rest_route=\/wp\/v2\/posts"}],"about":[{"href":"https:\/\/www.anunciacion.cl\/index.php?rest_route=\/wp\/v2\/types\/post"}],"author":[{"embeddable":true,"href":"https:\/\/www.anunciacion.cl\/index.php?rest_route=\/wp\/v2\/users\/1"}],"replies":[{"embeddable":true,"href":"https:\/\/www.anunciacion.cl\/index.php?rest_route=%2Fwp%2Fv2%2Fcomments&post=7171"}],"version-history":[{"count":1,"href":"https:\/\/www.anunciacion.cl\/index.php?rest_route=\/wp\/v2\/posts\/7171\/revisions"}],"predecessor-version":[{"id":7172,"href":"https:\/\/www.anunciacion.cl\/index.php?rest_route=\/wp\/v2\/posts\/7171\/revisions\/7172"}],"wp:attachment":[{"href":"https:\/\/www.anunciacion.cl\/index.php?rest_route=%2Fwp%2Fv2%2Fmedia&parent=7171"}],"wp:term":[{"taxonomy":"category","embeddable":true,"href":"https:\/\/www.anunciacion.cl\/index.php?rest_route=%2Fwp%2Fv2%2Fcategories&post=7171"},{"taxonomy":"post_tag","embeddable":true,"href":"https:\/\/www.anunciacion.cl\/index.php?rest_route=%2Fwp%2Fv2%2Ftags&post=7171"}],"curies":[{"name":"wp","href":"https:\/\/api.w.org\/{rel}","templated":true}]}}